{"id":1033,"date":"2024-06-17T12:35:22","date_gmt":"2024-06-17T15:35:22","guid":{"rendered":"https:\/\/cbhbois.meioambiente.go.gov.br\/?p=1033"},"modified":"2024-06-22T20:32:19","modified_gmt":"2024-06-22T23:32:19","slug":"oficina-de-avaliacao-da-implementacao-do-plano-de-bacia-do-rio-dos-bois","status":"publish","type":"post","link":"https:\/\/cbhbois.meioambiente.go.gov.br\/?p=1033","title":{"rendered":"Oficina de Avalia\u00e7\u00e3o da Implementa\u00e7\u00e3o do Plano de Bacia do Rio dos Bois"},"content":{"rendered":"\n<div class=\"wp-block-columns is-layout-flex wp-container-core-columns-is-layout-9d6595d7 wp-block-columns-is-layout-flex\">\n<div class=\"wp-block-column is-layout-flow wp-block-column-is-layout-flow\" style=\"flex-basis:66.66%\">\n<p>No dia 9 de maio de 2024, a Secretaria de Estado de Meio Ambiente e Desenvolvimento Sustent\u00e1vel (SEMAD) promoveu, no munic\u00edpio de Rio Verde-GO, a Oficina de Avalia\u00e7\u00e3o da Implementa\u00e7\u00e3o do Plano de Bacia do rio dos Bois. Este evento foi extremamente valioso para o aprendizado de todos e para que a SEMAD compreendesse a percep\u00e7\u00e3o dos membros do comit\u00ea diante do avan\u00e7o do Plano de Bacia.<\/p>\n\n\n\n<p>A metodologia utilizada envolveu a divis\u00e3o dos membros em cinco grupos, garantindo a presen\u00e7a de pelo menos um representante do Poder P\u00fablico Municipal, um da Sociedade Civil e um dos Usu\u00e1rios de \u00c1gua em cada grupo. Os grupos avaliaram se as a\u00e7\u00f5es do Plano de Bacia foram executadas, est\u00e3o em execu\u00e7\u00e3o ou ainda n\u00e3o foram iniciadas. Al\u00e9m disso, a oficina coletou a opini\u00e3o dos membros para destacar as a\u00e7\u00f5es que consideram priorit\u00e1rias para a bacia.<\/p>\n\n\n\n<p>A oficina promoveu uma excelente integra\u00e7\u00e3o entre os participantes, permitindo valiosas contribui\u00e7\u00f5es dos setores, atitude fundamental para o cont\u00ednuo progresso na gest\u00e3o dos recursos h\u00eddricos de Goi\u00e1s.<\/p>\n\n\n\n<p>O CBH Bois agradece a participa\u00e7\u00e3o de todos e reafirma seu compromisso com a melhoria cont\u00ednua da gest\u00e3o dos recursos h\u00eddricos&nbsp;na&nbsp;regi\u00e3o.<\/p>\n<\/div>\n\n\n\n<div class=\"wp-block-column is-layout-flow wp-block-column-is-layout-flow\" style=\"flex-basis:300px\">\n<figure class=\"wp-block-embed is-type-video is-provider-youtube wp-block-embed-youtube wp-embed-aspect-9-16 wp-has-aspect-ratio\"><div class=\"wp-block-embed__wrapper\">\n<iframe title=\"V\u00eddeo - Oficina de Avalia\u00e7\u00e3o da Implementa\u00e7\u00e3o do Plano de Bacia do rio dos Bois\" width=\"500\" height=\"281\" src=\"https:\/\/www.youtube.com\/embed\/_Zl_C_gI3hA?feature=oembed\" frameborder=\"0\" allow=\"accelerometer; autoplay; clipboard-write; encrypted-media; gyroscope; picture-in-picture; web-share\" referrerpolicy=\"strict-origin-when-cross-origin\" allowfullscreen><\/iframe>\n<\/div><\/figure>\n<\/div>\n<\/div>\n","protected":false},"excerpt":{"rendered":"<p>No dia 9 de maio de 2024, a Secretaria de Estado de Meio Ambiente e Desenvolvimento Sustent\u00e1vel (SEMAD) promoveu, no munic\u00edpio de Rio Verde-GO, a Oficina de Avalia\u00e7\u00e3o da Implementa\u00e7\u00e3o do Plano de Bacia do rio dos Bois. Este evento foi extremamente valioso para o aprendizado de todos e para que a SEMAD compreendesse a [&hellip;]<\/p>\n","protected":false},"author":2,"featured_media":994,"comment_status":"closed","ping_status":"closed","sticky":false,"template":"","format":"standard","meta":{"_jetpack_memberships_contains_paid_content":false,"footnotes":""},"categories":[6,5],"tags":[],"class_list":["post-1033","post","type-post","status-publish","format-standard","has-post-thumbnail","hentry","category-cbh-bois","category-noticias"],"featured_image_src":"https:\/\/i0.wp.com\/cbhbois.meioambiente.go.gov.br\/wp-content\/uploads\/2024\/04\/Destaque-Bois-.jpg?resize=600%2C400&ssl=1","featured_image_src_square":"https:\/\/i0.wp.com\/cbhbois.meioambiente.go.gov.br\/wp-content\/uploads\/2024\/04\/Destaque-Bois-.jpg?resize=600%2C600&ssl=1","author_info":{"display_name":"cbhadmin","author_link":"https:\/\/cbhbois.meioambiente.go.gov.br\/?author=2"},"jetpack_featured_media_url":"https:\/\/i0.wp.com\/cbhbois.meioambiente.go.gov.br\/wp-content\/uploads\/2024\/04\/Destaque-Bois-.jpg?fit=1920%2C1117&ssl=1","jetpack_sharing_enabled":true,"_links":{"self":[{"href":"https:\/\/cbhbois.meioambiente.go.gov.br\/index.php?rest_route=\/wp\/v2\/posts\/1033","targetHints":{"allow":["GET"]}}],"collection":[{"href":"https:\/\/cbhbois.meioambiente.go.gov.br\/index.php?rest_route=\/wp\/v2\/posts"}],"about":[{"href":"https:\/\/cbhbois.meioambiente.go.gov.br\/index.php?rest_route=\/wp\/v2\/types\/post"}],"author":[{"embeddable":true,"href":"https:\/\/cbhbois.meioambiente.go.gov.br\/index.php?rest_route=\/wp\/v2\/users\/2"}],"replies":[{"embeddable":true,"href":"https:\/\/cbhbois.meioambiente.go.gov.br\/index.php?rest_route=%2Fwp%2Fv2%2Fcomments&post=1033"}],"version-history":[{"count":4,"href":"https:\/\/cbhbois.meioambiente.go.gov.br\/index.php?rest_route=\/wp\/v2\/posts\/1033\/revisions"}],"predecessor-version":[{"id":1037,"href":"https:\/\/cbhbois.meioambiente.go.gov.br\/index.php?rest_route=\/wp\/v2\/posts\/1033\/revisions\/1037"}],"wp:featuredmedia":[{"embeddable":true,"href":"https:\/\/cbhbois.meioambiente.go.gov.br\/index.php?rest_route=\/wp\/v2\/media\/994"}],"wp:attachment":[{"href":"https:\/\/cbhbois.meioambiente.go.gov.br\/index.php?rest_route=%2Fwp%2Fv2%2Fmedia&parent=1033"}],"wp:term":[{"taxonomy":"category","embeddable":true,"href":"https:\/\/cbhbois.meioambiente.go.gov.br\/index.php?rest_route=%2Fwp%2Fv2%2Fcategories&post=1033"},{"taxonomy":"post_tag","embeddable":true,"href":"https:\/\/cbhbois.meioambiente.go.gov.br\/index.php?rest_route=%2Fwp%2Fv2%2Ftags&post=1033"}],"curies":[{"name":"wp","href":"https:\/\/api.w.org\/{rel}","templated":true}]}}